{"id":9301,"date":"2025-10-21T13:43:16","date_gmt":"2025-10-21T13:43:16","guid":{"rendered":"https:\/\/www.die-mitte-wohlen.ch\/?p=9301"},"modified":"2025-10-21T13:56:58","modified_gmt":"2025-10-21T13:56:58","slug":"wahl-vom-30-november-2025-fuer-einen-friedensrichter-im-kreis-vi-harry-luetolf-kandidiert-fuer-die-mitte","status":"publish","type":"post","link":"https:\/\/www.die-mitte-wohlen.ch\/?p=9301","title":{"rendered":"Wahl vom 30. November 2025 f\u00fcr einen Friedensrichter im Kreis VI: Harry L\u00fctolf kandidiert f\u00fcr Die Mitte"},"content":{"rendered":"","protected":false},"excerpt":{"rendered":"","protected":false},"author":3,"featured_media":0,"comment_status":"closed","ping_status":"closed","sticky":false,"template":"","format":"standard","meta":{"_acf_changed":false},"categories":[1],"tags":[],"class_list":["post-9301","post","type-post","status-publish","format-standard","hentry","category-uncategorized"],"acf":[],"yoast_head":"<!-- This site is optimized with the Yoast SEO plugin v28.3 - https:\/\/yoast.com\/product\/yoast-seo-wordpress\/ -->\n<title>Wahl vom 30. November 2025 f\u00fcr einen Friedensrichter im Kreis VI: Harry L\u00fctolf kandidiert f\u00fcr Die Mitte - Die Mitte Wohlen<\/title>\n<meta name=\"robots\" content=\"index, follow, max-snippet:-1, max-image-preview:large, max-video-preview:-1\" \/>\n<link rel=\"canonical\" href=\"https:\/\/www.die-mitte-wohlen.ch\/?p=9301\" \/>\n<meta property=\"og:locale\" content=\"de_DE\" \/>\n<meta property=\"og:type\" content=\"article\" \/>\n<meta property=\"og:title\" content=\"Wahl vom 30. November 2025 f\u00fcr einen Friedensrichter im Kreis VI: Harry L\u00fctolf kandidiert f\u00fcr Die Mitte - Die Mitte Wohlen\" \/>\n<meta property=\"og:url\" content=\"https:\/\/www.die-mitte-wohlen.ch\/?p=9301\" \/>\n<meta property=\"og:site_name\" content=\"Die Mitte Wohlen\" \/>\n<meta property=\"article:published_time\" content=\"2025-10-21T13:43:16+00:00\" \/>\n<meta property=\"article:modified_time\" content=\"2025-10-21T13:56:58+00:00\" \/>\n<meta name=\"author\" content=\"Harry L\u00fctolf\" \/>\n<meta name=\"twitter:card\" content=\"summary_large_image\" \/>\n<meta name=\"twitter:label1\" content=\"Verfasst von\" \/>\n\t<meta name=\"twitter:data1\" content=\"Harry L\u00fctolf\" \/>\n\t<meta name=\"twitter:label2\" content=\"Gesch\u00e4tzte Lesezeit\" \/>\n\t<meta name=\"twitter:data2\" content=\"1\u00a0Minute\" \/>\n<script type=\"application\/ld+json\" class=\"yoast-schema-graph\">{\"@context\":\"https:\\\/\\\/schema.org\",\"@graph\":[{\"@type\":\"Article\",\"@id\":\"https:\\\/\\\/www.die-mitte-wohlen.ch\\\/?p=9301#article\",\"isPartOf\":{\"@id\":\"https:\\\/\\\/www.die-mitte-wohlen.ch\\\/?p=9301\"},\"author\":{\"name\":\"Harry L\u00fctolf\",\"@id\":\"https:\\\/\\\/www.die-mitte-wohlen.ch\\\/#\\\/schema\\\/person\\\/a63def7322ecb5f2d1ca42d027f4b682\"},\"headline\":\"Wahl vom 30. November 2025 f\u00fcr einen Friedensrichter im Kreis VI: Harry L\u00fctolf kandidiert f\u00fcr Die Mitte\",\"datePublished\":\"2025-10-21T13:43:16+00:00\",\"dateModified\":\"2025-10-21T13:56:58+00:00\",\"mainEntityOfPage\":{\"@id\":\"https:\\\/\\\/www.die-mitte-wohlen.ch\\\/?p=9301\"},\"wordCount\":18,\"articleSection\":[\"Uncategorized\"],\"inLanguage\":\"de\"},{\"@type\":\"WebPage\",\"@id\":\"https:\\\/\\\/www.die-mitte-wohlen.ch\\\/?p=9301\",\"url\":\"https:\\\/\\\/www.die-mitte-wohlen.ch\\\/?p=9301\",\"name\":\"Wahl vom 30. November 2025 f\u00fcr einen Friedensrichter im Kreis VI: Harry L\u00fctolf kandidiert f\u00fcr Die Mitte - Die Mitte Wohlen\",\"isPartOf\":{\"@id\":\"https:\\\/\\\/www.die-mitte-wohlen.ch\\\/#website\"},\"datePublished\":\"2025-10-21T13:43:16+00:00\",\"dateModified\":\"2025-10-21T13:56:58+00:00\",\"author\":{\"@id\":\"https:\\\/\\\/www.die-mitte-wohlen.ch\\\/#\\\/schema\\\/person\\\/a63def7322ecb5f2d1ca42d027f4b682\"},\"inLanguage\":\"de\",\"potentialAction\":[{\"@type\":\"ReadAction\",\"target\":[\"https:\\\/\\\/www.die-mitte-wohlen.ch\\\/?p=9301\"]}]},{\"@type\":\"WebSite\",\"@id\":\"https:\\\/\\\/www.die-mitte-wohlen.ch\\\/#website\",\"url\":\"https:\\\/\\\/www.die-mitte-wohlen.ch\\\/\",\"name\":\"Die Mitte Wohlen\",\"description\":\"\",\"potentialAction\":[{\"@type\":\"SearchAction\",\"target\":{\"@type\":\"EntryPoint\",\"urlTemplate\":\"https:\\\/\\\/www.die-mitte-wohlen.ch\\\/?s={search_term_string}\"},\"query-input\":{\"@type\":\"PropertyValueSpecification\",\"valueRequired\":true,\"valueName\":\"search_term_string\"}}],\"inLanguage\":\"de\"},{\"@type\":\"Person\",\"@id\":\"https:\\\/\\\/www.die-mitte-wohlen.ch\\\/#\\\/schema\\\/person\\\/a63def7322ecb5f2d1ca42d027f4b682\",\"name\":\"Harry L\u00fctolf\",\"image\":{\"@type\":\"ImageObject\",\"inLanguage\":\"de\",\"@id\":\"https:\\\/\\\/secure.gravatar.com\\\/avatar\\\/63ad28443690497e46c0d0786fa81ecefaea6e419cf073b1c1c9a10389c7d466?s=96&d=mm&r=g\",\"url\":\"https:\\\/\\\/secure.gravatar.com\\\/avatar\\\/63ad28443690497e46c0d0786fa81ecefaea6e419cf073b1c1c9a10389c7d466?s=96&d=mm&r=g\",\"contentUrl\":\"https:\\\/\\\/secure.gravatar.com\\\/avatar\\\/63ad28443690497e46c0d0786fa81ecefaea6e419cf073b1c1c9a10389c7d466?s=96&d=mm&r=g\",\"caption\":\"Harry L\u00fctolf\"},\"url\":\"https:\\\/\\\/www.die-mitte-wohlen.ch\\\/?author=3\"}]}<\/script>\n<!-- \/ Yoast SEO plugin. -->","yoast_head_json":{"title":"Wahl vom 30. November 2025 f\u00fcr einen Friedensrichter im Kreis VI: Harry L\u00fctolf kandidiert f\u00fcr Die Mitte - Die Mitte Wohlen","robots":{"index":"index","follow":"follow","max-snippet":"max-snippet:-1","max-image-preview":"max-image-preview:large","max-video-preview":"max-video-preview:-1"},"canonical":"https:\/\/www.die-mitte-wohlen.ch\/?p=9301","og_locale":"de_DE","og_type":"article","og_title":"Wahl vom 30. November 2025 f\u00fcr einen Friedensrichter im Kreis VI: Harry L\u00fctolf kandidiert f\u00fcr Die Mitte - Die Mitte Wohlen","og_url":"https:\/\/www.die-mitte-wohlen.ch\/?p=9301","og_site_name":"Die Mitte Wohlen","article_published_time":"2025-10-21T13:43:16+00:00","article_modified_time":"2025-10-21T13:56:58+00:00","author":"Harry L\u00fctolf","twitter_card":"summary_large_image","twitter_misc":{"Verfasst von":"Harry L\u00fctolf","Gesch\u00e4tzte Lesezeit":"1\u00a0Minute"},"schema":{"@context":"https:\/\/schema.org","@graph":[{"@type":"Article","@id":"https:\/\/www.die-mitte-wohlen.ch\/?p=9301#article","isPartOf":{"@id":"https:\/\/www.die-mitte-wohlen.ch\/?p=9301"},"author":{"name":"Harry L\u00fctolf","@id":"https:\/\/www.die-mitte-wohlen.ch\/#\/schema\/person\/a63def7322ecb5f2d1ca42d027f4b682"},"headline":"Wahl vom 30. November 2025 f\u00fcr einen Friedensrichter im Kreis VI: Harry L\u00fctolf kandidiert f\u00fcr Die Mitte","datePublished":"2025-10-21T13:43:16+00:00","dateModified":"2025-10-21T13:56:58+00:00","mainEntityOfPage":{"@id":"https:\/\/www.die-mitte-wohlen.ch\/?p=9301"},"wordCount":18,"articleSection":["Uncategorized"],"inLanguage":"de"},{"@type":"WebPage","@id":"https:\/\/www.die-mitte-wohlen.ch\/?p=9301","url":"https:\/\/www.die-mitte-wohlen.ch\/?p=9301","name":"Wahl vom 30. November 2025 f\u00fcr einen Friedensrichter im Kreis VI: Harry L\u00fctolf kandidiert f\u00fcr Die Mitte - Die Mitte Wohlen","isPartOf":{"@id":"https:\/\/www.die-mitte-wohlen.ch\/#website"},"datePublished":"2025-10-21T13:43:16+00:00","dateModified":"2025-10-21T13:56:58+00:00","author":{"@id":"https:\/\/www.die-mitte-wohlen.ch\/#\/schema\/person\/a63def7322ecb5f2d1ca42d027f4b682"},"inLanguage":"de","potentialAction":[{"@type":"ReadAction","target":["https:\/\/www.die-mitte-wohlen.ch\/?p=9301"]}]},{"@type":"WebSite","@id":"https:\/\/www.die-mitte-wohlen.ch\/#website","url":"https:\/\/www.die-mitte-wohlen.ch\/","name":"Die Mitte Wohlen","description":"","potentialAction":[{"@type":"SearchAction","target":{"@type":"EntryPoint","urlTemplate":"https:\/\/www.die-mitte-wohlen.ch\/?s={search_term_string}"},"query-input":{"@type":"PropertyValueSpecification","valueRequired":true,"valueName":"search_term_string"}}],"inLanguage":"de"},{"@type":"Person","@id":"https:\/\/www.die-mitte-wohlen.ch\/#\/schema\/person\/a63def7322ecb5f2d1ca42d027f4b682","name":"Harry L\u00fctolf","image":{"@type":"ImageObject","inLanguage":"de","@id":"https:\/\/secure.gravatar.com\/avatar\/63ad28443690497e46c0d0786fa81ecefaea6e419cf073b1c1c9a10389c7d466?s=96&d=mm&r=g","url":"https:\/\/secure.gravatar.com\/avatar\/63ad28443690497e46c0d0786fa81ecefaea6e419cf073b1c1c9a10389c7d466?s=96&d=mm&r=g","contentUrl":"https:\/\/secure.gravatar.com\/avatar\/63ad28443690497e46c0d0786fa81ecefaea6e419cf073b1c1c9a10389c7d466?s=96&d=mm&r=g","caption":"Harry L\u00fctolf"},"url":"https:\/\/www.die-mitte-wohlen.ch\/?author=3"}]}},"_links":{"self":[{"href":"https:\/\/www.die-mitte-wohlen.ch\/index.php?rest_route=\/wp\/v2\/posts\/9301","targetHints":{"allow":["GET"]}}],"collection":[{"href":"https:\/\/www.die-mitte-wohlen.ch\/index.php?rest_route=\/wp\/v2\/posts"}],"about":[{"href":"https:\/\/www.die-mitte-wohlen.ch\/index.php?rest_route=\/wp\/v2\/types\/post"}],"author":[{"embeddable":true,"href":"https:\/\/www.die-mitte-wohlen.ch\/index.php?rest_route=\/wp\/v2\/users\/3"}],"replies":[{"embeddable":true,"href":"https:\/\/www.die-mitte-wohlen.ch\/index.php?rest_route=%2Fwp%2Fv2%2Fcomments&post=9301"}],"version-history":[{"count":10,"href":"https:\/\/www.die-mitte-wohlen.ch\/index.php?rest_route=\/wp\/v2\/posts\/9301\/revisions"}],"predecessor-version":[{"id":9317,"href":"https:\/\/www.die-mitte-wohlen.ch\/index.php?rest_route=\/wp\/v2\/posts\/9301\/revisions\/9317"}],"wp:attachment":[{"href":"https:\/\/www.die-mitte-wohlen.ch\/index.php?rest_route=%2Fwp%2Fv2%2Fmedia&parent=9301"}],"wp:term":[{"taxonomy":"category","embeddable":true,"href":"https:\/\/www.die-mitte-wohlen.ch\/index.php?rest_route=%2Fwp%2Fv2%2Fcategories&post=9301"},{"taxonomy":"post_tag","embeddable":true,"href":"https:\/\/www.die-mitte-wohlen.ch\/index.php?rest_route=%2Fwp%2Fv2%2Ftags&post=9301"}],"curies":[{"name":"wp","href":"https:\/\/api.w.org\/{rel}","templated":true}]}}